{"id":82,"date":"2014-11-17T19:52:19","date_gmt":"2014-11-17T18:52:19","guid":{"rendered":"http:\/\/elms.sk\/?p=82"},"modified":"2023-07-27T14:42:35","modified_gmt":"2023-07-27T12:42:35","slug":"obchodne-centrum-fryda-frydek-mistek","status":"publish","type":"post","link":"http:\/\/elms.sk\/en\/2014\/11\/17\/obchodne-centrum-fryda-frydek-mistek\/","title":{"rendered":"Shopping center Fr\u00fdda Fr\u00fddek M\u00edstek"},"content":{"rendered":"<p>Electrical installation in selected rental units, including complete supply of material.<\/p>","protected":false},"excerpt":{"rendered":"<p>Electrical installation in selected rental units, including complete supply of material.<\/p>","protected":false},"author":1,"featured_media":84,"comment_status":"closed","ping_status":"closed","sticky":false,"template":"","format":"standard","meta":{"footnotes":""},"categories":[7,1],"tags":[10],"class_list":["post-82","post","type-post","status-publish","format-standard","has-post-thumbnail","hentry","category-obcianske-stavby","category-realizacie","tag-silnoprud"],"yoast_head":"<!-- This site is optimized with the Yoast SEO plugin v20.6 - https:\/\/yoast.com\/wordpress\/plugins\/seo\/ -->\n<title>Obchodn\u00e9 centrum Fr\u00fdda Fr\u00fddek M\u00edstek | elms<\/title>\n<meta name=\"description\" content=\"Inform\u00e1cie o projekte Obchodn\u00e9 centrum Fr\u00fdda Fr\u00fddek M\u00edstek , ktor\u00fd realizovala spolo\u010dnos\u0165 ELMS s.r.o.\" \/>\n<meta name=\"robots\" content=\"index, follow, max-snippet:-1, max-image-preview:large, max-video-preview:-1\" \/>\n<link rel=\"canonical\" href=\"http:\/\/elms.sk\/en\/2014\/11\/17\/obchodne-centrum-fryda-frydek-mistek\/\" \/>\n<meta property=\"og:locale\" content=\"en_GB\" \/>\n<meta property=\"og:type\" content=\"article\" \/>\n<meta property=\"og:title\" content=\"Obchodn\u00e9 centrum Fr\u00fdda Fr\u00fddek M\u00edstek | elms\" \/>\n<meta property=\"og:description\" content=\"Inform\u00e1cie o projekte Obchodn\u00e9 centrum Fr\u00fdda Fr\u00fddek M\u00edstek , ktor\u00fd realizovala spolo\u010dnos\u0165 ELMS s.r.o.\" \/>\n<meta property=\"og:url\" content=\"http:\/\/elms.sk\/en\/2014\/11\/17\/obchodne-centrum-fryda-frydek-mistek\/\" \/>\n<meta property=\"og:site_name\" content=\"elms\" \/>\n<meta property=\"article:publisher\" content=\"https:\/\/www.facebook.com\/profile.php?id=100054217821074\" \/>\n<meta property=\"article:published_time\" content=\"2014-11-17T18:52:19+00:00\" \/>\n<meta property=\"article:modified_time\" content=\"2023-07-27T12:42:35+00:00\" \/>\n<meta property=\"og:image\" content=\"https:\/\/elms.sk\/wp-content\/uploads\/2023\/04\/fryda.jpg\" \/>\n\t<meta property=\"og:image:width\" content=\"1280\" \/>\n\t<meta property=\"og:image:height\" content=\"721\" \/>\n\t<meta property=\"og:image:type\" content=\"image\/jpeg\" \/>\n<meta name=\"author\" content=\"elms.sk\" \/>\n<meta name=\"twitter:card\" content=\"summary_large_image\" \/>\n<meta name=\"twitter:label1\" content=\"Written by\" \/>\n\t<meta name=\"twitter:data1\" content=\"elms.sk\" \/>\n\t<meta name=\"twitter:label2\" content=\"Estimated reading time\" \/>\n\t<meta name=\"twitter:data2\" content=\"1 minute\" \/>\n<script type=\"application\/ld+json\" class=\"yoast-schema-graph\">{\"@context\":\"https:\/\/schema.org\",\"@graph\":[{\"@type\":\"TechArticle\",\"@id\":\"https:\/\/elms.sk\/2014\/11\/17\/obchodne-centrum-fryda-frydek-mistek\/#article\",\"isPartOf\":{\"@id\":\"https:\/\/elms.sk\/2014\/11\/17\/obchodne-centrum-fryda-frydek-mistek\/\"},\"author\":{\"name\":\"elms.sk\",\"@id\":\"https:\/\/elms.sk\/#\/schema\/person\/f8d3e63d5575e03021bb77a8f0b28055\"},\"headline\":\"Obchodn\u00e9 centrum Fr\u00fdda Fr\u00fddek M\u00edstek\",\"datePublished\":\"2014-11-17T18:52:19+00:00\",\"dateModified\":\"2023-07-27T12:42:35+00:00\",\"mainEntityOfPage\":{\"@id\":\"https:\/\/elms.sk\/2014\/11\/17\/obchodne-centrum-fryda-frydek-mistek\/\"},\"wordCount\":25,\"publisher\":{\"@id\":\"https:\/\/elms.sk\/#organization\"},\"keywords\":[\"Silnopr\u00fad\"],\"articleSection\":[\"Ob\u010diansk\u00e9 stavby\",\"V\u0161etko\"],\"inLanguage\":\"en-GB\"},{\"@type\":\"WebPage\",\"@id\":\"https:\/\/elms.sk\/2014\/11\/17\/obchodne-centrum-fryda-frydek-mistek\/\",\"url\":\"https:\/\/elms.sk\/2014\/11\/17\/obchodne-centrum-fryda-frydek-mistek\/\",\"name\":\"Obchodn\u00e9 centrum Fr\u00fdda Fr\u00fddek M\u00edstek | elms\",\"isPartOf\":{\"@id\":\"https:\/\/elms.sk\/#website\"},\"datePublished\":\"2014-11-17T18:52:19+00:00\",\"dateModified\":\"2023-07-27T12:42:35+00:00\",\"description\":\"Inform\u00e1cie o projekte Obchodn\u00e9 centrum Fr\u00fdda Fr\u00fddek M\u00edstek , ktor\u00fd realizovala spolo\u010dnos\u0165 ELMS s.r.o.\",\"breadcrumb\":{\"@id\":\"https:\/\/elms.sk\/2014\/11\/17\/obchodne-centrum-fryda-frydek-mistek\/#breadcrumb\"},\"inLanguage\":\"en-GB\",\"potentialAction\":[{\"@type\":\"ReadAction\",\"target\":[\"https:\/\/elms.sk\/2014\/11\/17\/obchodne-centrum-fryda-frydek-mistek\/\"]}]},{\"@type\":\"BreadcrumbList\",\"@id\":\"https:\/\/elms.sk\/2014\/11\/17\/obchodne-centrum-fryda-frydek-mistek\/#breadcrumb\",\"itemListElement\":[{\"@type\":\"ListItem\",\"position\":1,\"name\":\"Domovsk\u00e1 str\u00e1nka\",\"item\":\"https:\/\/elms.sk\/\"},{\"@type\":\"ListItem\",\"position\":2,\"name\":\"Obchodn\u00e9 centrum Fr\u00fdda Fr\u00fddek M\u00edstek\"}]},{\"@type\":\"WebSite\",\"@id\":\"https:\/\/elms.sk\/#website\",\"url\":\"https:\/\/elms.sk\/\",\"name\":\"Elms, s.r.o\",\"description\":\"L\u00edder v oblasti elektroin\u0161tal\u00e1cii v regi\u00f3ne\",\"publisher\":{\"@id\":\"https:\/\/elms.sk\/#organization\"},\"potentialAction\":[{\"@type\":\"SearchAction\",\"target\":{\"@type\":\"EntryPoint\",\"urlTemplate\":\"https:\/\/elms.sk\/?s={search_term_string}\"},\"query-input\":\"required name=search_term_string\"}],\"inLanguage\":\"en-GB\"},{\"@type\":\"Organization\",\"@id\":\"https:\/\/elms.sk\/#organization\",\"name\":\"Elms, s.r.o\",\"url\":\"https:\/\/elms.sk\/\",\"logo\":{\"@type\":\"ImageObject\",\"inLanguage\":\"en-GB\",\"@id\":\"https:\/\/elms.sk\/#\/schema\/logo\/image\/\",\"url\":\"https:\/\/elms.sk\/wp-content\/uploads\/2023\/04\/logo-adjusted.jpg\",\"contentUrl\":\"https:\/\/elms.sk\/wp-content\/uploads\/2023\/04\/logo-adjusted.jpg\",\"width\":699,\"height\":95,\"caption\":\"Elms, s.r.o\"},\"image\":{\"@id\":\"https:\/\/elms.sk\/#\/schema\/logo\/image\/\"},\"sameAs\":[\"https:\/\/www.facebook.com\/profile.php?id=100054217821074\"]},{\"@type\":\"Person\",\"@id\":\"https:\/\/elms.sk\/#\/schema\/person\/f8d3e63d5575e03021bb77a8f0b28055\",\"name\":\"elms.sk\",\"image\":{\"@type\":\"ImageObject\",\"inLanguage\":\"en-GB\",\"@id\":\"https:\/\/elms.sk\/#\/schema\/person\/image\/\",\"url\":\"https:\/\/secure.gravatar.com\/avatar\/942bddc40e00a30059aa487016fe1909038a6bc0fb6c959071bc66711784b487?s=96&d=mm&r=g\",\"contentUrl\":\"https:\/\/secure.gravatar.com\/avatar\/942bddc40e00a30059aa487016fe1909038a6bc0fb6c959071bc66711784b487?s=96&d=mm&r=g\",\"caption\":\"elms.sk\"},\"sameAs\":[\"http:\/\/elms.sk\"],\"url\":\"http:\/\/elms.sk\/en\/author\/elms-sk\/\"}]}<\/script>\n<!-- \/ Yoast SEO plugin. -->","yoast_head_json":{"title":"Obchodn\u00e9 centrum Fr\u00fdda Fr\u00fddek M\u00edstek | elms","description":"Inform\u00e1cie o projekte Obchodn\u00e9 centrum Fr\u00fdda Fr\u00fddek M\u00edstek , ktor\u00fd realizovala spolo\u010dnos\u0165 ELMS s.r.o.","robots":{"index":"index","follow":"follow","max-snippet":"max-snippet:-1","max-image-preview":"max-image-preview:large","max-video-preview":"max-video-preview:-1"},"canonical":"http:\/\/elms.sk\/en\/2014\/11\/17\/obchodne-centrum-fryda-frydek-mistek\/","og_locale":"en_GB","og_type":"article","og_title":"Obchodn\u00e9 centrum Fr\u00fdda Fr\u00fddek M\u00edstek | elms","og_description":"Inform\u00e1cie o projekte Obchodn\u00e9 centrum Fr\u00fdda Fr\u00fddek M\u00edstek , ktor\u00fd realizovala spolo\u010dnos\u0165 ELMS s.r.o.","og_url":"http:\/\/elms.sk\/en\/2014\/11\/17\/obchodne-centrum-fryda-frydek-mistek\/","og_site_name":"elms","article_publisher":"https:\/\/www.facebook.com\/profile.php?id=100054217821074","article_published_time":"2014-11-17T18:52:19+00:00","article_modified_time":"2023-07-27T12:42:35+00:00","og_image":[{"width":1280,"height":721,"url":"https:\/\/elms.sk\/wp-content\/uploads\/2023\/04\/fryda.jpg","type":"image\/jpeg"}],"author":"elms.sk","twitter_card":"summary_large_image","twitter_misc":{"Written by":"elms.sk","Estimated reading time":"1 minute"},"schema":{"@context":"https:\/\/schema.org","@graph":[{"@type":"TechArticle","@id":"https:\/\/elms.sk\/2014\/11\/17\/obchodne-centrum-fryda-frydek-mistek\/#article","isPartOf":{"@id":"https:\/\/elms.sk\/2014\/11\/17\/obchodne-centrum-fryda-frydek-mistek\/"},"author":{"name":"elms.sk","@id":"https:\/\/elms.sk\/#\/schema\/person\/f8d3e63d5575e03021bb77a8f0b28055"},"headline":"Obchodn\u00e9 centrum Fr\u00fdda Fr\u00fddek M\u00edstek","datePublished":"2014-11-17T18:52:19+00:00","dateModified":"2023-07-27T12:42:35+00:00","mainEntityOfPage":{"@id":"https:\/\/elms.sk\/2014\/11\/17\/obchodne-centrum-fryda-frydek-mistek\/"},"wordCount":25,"publisher":{"@id":"https:\/\/elms.sk\/#organization"},"keywords":["Silnopr\u00fad"],"articleSection":["Ob\u010diansk\u00e9 stavby","V\u0161etko"],"inLanguage":"en-GB"},{"@type":"WebPage","@id":"https:\/\/elms.sk\/2014\/11\/17\/obchodne-centrum-fryda-frydek-mistek\/","url":"https:\/\/elms.sk\/2014\/11\/17\/obchodne-centrum-fryda-frydek-mistek\/","name":"Obchodn\u00e9 centrum Fr\u00fdda Fr\u00fddek M\u00edstek | elms","isPartOf":{"@id":"https:\/\/elms.sk\/#website"},"datePublished":"2014-11-17T18:52:19+00:00","dateModified":"2023-07-27T12:42:35+00:00","description":"Inform\u00e1cie o projekte Obchodn\u00e9 centrum Fr\u00fdda Fr\u00fddek M\u00edstek , ktor\u00fd realizovala spolo\u010dnos\u0165 ELMS s.r.o.","breadcrumb":{"@id":"https:\/\/elms.sk\/2014\/11\/17\/obchodne-centrum-fryda-frydek-mistek\/#breadcrumb"},"inLanguage":"en-GB","potentialAction":[{"@type":"ReadAction","target":["https:\/\/elms.sk\/2014\/11\/17\/obchodne-centrum-fryda-frydek-mistek\/"]}]},{"@type":"BreadcrumbList","@id":"https:\/\/elms.sk\/2014\/11\/17\/obchodne-centrum-fryda-frydek-mistek\/#breadcrumb","itemListElement":[{"@type":"ListItem","position":1,"name":"Domovsk\u00e1 str\u00e1nka","item":"https:\/\/elms.sk\/"},{"@type":"ListItem","position":2,"name":"Obchodn\u00e9 centrum Fr\u00fdda Fr\u00fddek M\u00edstek"}]},{"@type":"WebSite","@id":"https:\/\/elms.sk\/#website","url":"https:\/\/elms.sk\/","name":"Elms, s.r.o","description":"L\u00edder v oblasti elektroin\u0161tal\u00e1cii v regi\u00f3ne","publisher":{"@id":"https:\/\/elms.sk\/#organization"},"potentialAction":[{"@type":"SearchAction","target":{"@type":"EntryPoint","urlTemplate":"https:\/\/elms.sk\/?s={search_term_string}"},"query-input":"required name=search_term_string"}],"inLanguage":"en-GB"},{"@type":"Organization","@id":"https:\/\/elms.sk\/#organization","name":"Elms, s.r.o","url":"https:\/\/elms.sk\/","logo":{"@type":"ImageObject","inLanguage":"en-GB","@id":"https:\/\/elms.sk\/#\/schema\/logo\/image\/","url":"https:\/\/elms.sk\/wp-content\/uploads\/2023\/04\/logo-adjusted.jpg","contentUrl":"https:\/\/elms.sk\/wp-content\/uploads\/2023\/04\/logo-adjusted.jpg","width":699,"height":95,"caption":"Elms, s.r.o"},"image":{"@id":"https:\/\/elms.sk\/#\/schema\/logo\/image\/"},"sameAs":["https:\/\/www.facebook.com\/profile.php?id=100054217821074"]},{"@type":"Person","@id":"https:\/\/elms.sk\/#\/schema\/person\/f8d3e63d5575e03021bb77a8f0b28055","name":"elms.sk","image":{"@type":"ImageObject","inLanguage":"en-GB","@id":"https:\/\/elms.sk\/#\/schema\/person\/image\/","url":"https:\/\/secure.gravatar.com\/avatar\/942bddc40e00a30059aa487016fe1909038a6bc0fb6c959071bc66711784b487?s=96&d=mm&r=g","contentUrl":"https:\/\/secure.gravatar.com\/avatar\/942bddc40e00a30059aa487016fe1909038a6bc0fb6c959071bc66711784b487?s=96&d=mm&r=g","caption":"elms.sk"},"sameAs":["http:\/\/elms.sk"],"url":"http:\/\/elms.sk\/en\/author\/elms-sk\/"}]}},"_links":{"self":[{"href":"http:\/\/elms.sk\/en\/wp-json\/wp\/v2\/posts\/82","targetHints":{"allow":["GET"]}}],"collection":[{"href":"http:\/\/elms.sk\/en\/wp-json\/wp\/v2\/posts"}],"about":[{"href":"http:\/\/elms.sk\/en\/wp-json\/wp\/v2\/types\/post"}],"author":[{"embeddable":true,"href":"http:\/\/elms.sk\/en\/wp-json\/wp\/v2\/users\/1"}],"replies":[{"embeddable":true,"href":"http:\/\/elms.sk\/en\/wp-json\/wp\/v2\/comments?post=82"}],"version-history":[{"count":1,"href":"http:\/\/elms.sk\/en\/wp-json\/wp\/v2\/posts\/82\/revisions"}],"predecessor-version":[{"id":85,"href":"http:\/\/elms.sk\/en\/wp-json\/wp\/v2\/posts\/82\/revisions\/85"}],"wp:featuredmedia":[{"embeddable":true,"href":"http:\/\/elms.sk\/en\/wp-json\/wp\/v2\/media\/84"}],"wp:attachment":[{"href":"http:\/\/elms.sk\/en\/wp-json\/wp\/v2\/media?parent=82"}],"wp:term":[{"taxonomy":"category","embeddable":true,"href":"http:\/\/elms.sk\/en\/wp-json\/wp\/v2\/categories?post=82"},{"taxonomy":"post_tag","embeddable":true,"href":"http:\/\/elms.sk\/en\/wp-json\/wp\/v2\/tags?post=82"}],"curies":[{"name":"wp","href":"https:\/\/api.w.org\/{rel}","templated":true}]}}